{"id":261,"date":"2025-05-13T16:36:36","date_gmt":"2025-05-13T19:36:36","guid":{"rendered":"https:\/\/psicoeducandonos.org\/?p=261"},"modified":"2025-05-13T16:36:37","modified_gmt":"2025-05-13T19:36:37","slug":"quien-soy-si-no-hago-nada","status":"publish","type":"post","link":"https:\/\/psicoeducandonos.org\/index.php\/2025\/05\/13\/quien-soy-si-no-hago-nada\/","title":{"rendered":"\u00bfQui\u00e9n Soy Si No Hago Nada?"},"content":{"rendered":"\n<p><strong>\u201cLa verdadera vida comienza en el momento en que termina la preocupaci\u00f3n por la supervivencia, la urgencia de la pura vida. El fin \u00faltimo de los esfuerzos humanos es la inactividad.\u201d<\/strong><br>\u2014 <em>Byung-Chul Han, Vida contemplativa. Elogio de la inactividad<\/em><\/p>\n\n\n\n<p><strong>\u00bfLa constante necesidad de estar ocupado puede estar ocultando un vac\u00edo emocional o existencial?<\/strong><br>La respuesta no es sencilla, pero s\u00ed urgente.<\/p>\n\n\n\n<p>Vivimos en una \u00e9poca en la que el \u201chacer\u201d ha reemplazado al \u201cser\u201d. Lo que producimos define nuestro valor, y el descanso se percibe como una amenaza a la identidad. Nos sentimos culpables si no estamos siendo \u00fatiles, resolutivos o eficientes. Pero \u00bfqu\u00e9 pasa cuando todo se detiene? \u00bfQu\u00e9 queda cuando no hay tareas, metas ni listas de pendientes? \u00bfQui\u00e9n soy si no estoy haciendo nada?<\/p>\n\n\n\n<p>La <strong>hiperactividad<\/strong> puede ser mucho m\u00e1s que una exigencia laboral o una costumbre moderna. En muchos casos, es un <strong>mecanismo de defensa<\/strong>, una estrategia para evitar el contacto con el silencio, ese territorio donde aparecen preguntas inc\u00f3modas y verdades olvidadas.<br>All\u00ed, en la pausa, emergen emociones soterradas: ansiedad, tristeza, sensaci\u00f3n de vac\u00edo, la temida inutilidad\u2026 Y entonces preferimos seguir corriendo. Porque detenernos puede resultar m\u00e1s aterrador que cansarnos.<\/p>\n\n\n\n<p>El <strong>vac\u00edo existencial<\/strong> no siempre se expresa como un grito desesperado. A veces se oculta detr\u00e1s de una agenda apretada, de una mente que no sabe estar quieta, de una vida que parece plena en lo exterior, pero desconectada en lo interior.<br>Y el hacer constante se convierte en un disfraz:<\/p>\n\n\n\n<blockquote class=\"wp-block-quote is-layout-flow wp-block-quote-is-layout-flow\">\n<p><em>\u201cSi hago, entonces existo.\u201d<\/em><\/p>\n<\/blockquote>\n\n\n\n<p>Pero esta ecuaci\u00f3n es tramposa. Porque el valor del ser humano no est\u00e1 en su rendimiento. Hay una dignidad m\u00e1s profunda que no depende de logros ni productividad. Una vida aut\u00e9ntica no se construye solamente con acci\u00f3n, sino tambi\u00e9n con pausa, reflexi\u00f3n, silencio.<\/p>\n\n\n\n<p>En realidad, la <strong>inactividad consciente<\/strong> no es vac\u00eda ni improductiva. Es f\u00e9rtil. Es un espacio de reconexi\u00f3n. Es all\u00ed donde dejamos de actuar por miedo o costumbre, y empezamos a actuar desde la <strong>claridad interior<\/strong>.<br>Desde la presencia, no desde la urgencia.<br>Desde el ser, no desde la necesidad de justificarlo.<\/p>\n\n\n\n<p>La <strong>ocupaci\u00f3n constante<\/strong> puede anestesiar el alma. Pero el silencio puede despertarla.<\/p>\n\n\n\n<p>No se trata de dejar de hacer, sino de preguntarnos:<br><strong>\u00bfDesde d\u00f3nde estoy haciendo lo que hago?<\/strong><br>\u00bfDesde la presi\u00f3n o desde la elecci\u00f3n?<br>\u00bfDesde el miedo o desde el sentido?<\/p>\n\n\n\n<p>\u00bfCu\u00e1ndo fue la \u00faltima vez que estuviste en silencio sin sentir culpa?<\/p>\n\n\n\n<p>\u00bfQu\u00e9 te dice tu cuerpo cuando por fin te detienes?<\/p>\n\n\n\n<p>\u00bfQu\u00e9 tipo de persona est\u00e1s tratando de evitar ser, al mantenerte ocupado?<\/p>\n\n\n\n<p>A veces, el mayor acto de valent\u00eda no es seguir adelante, sino <strong>detenerse<\/strong>.<br>Y recordar que <strong>existir no depende de hacer<\/strong>. Que <strong>el valor del ser no necesita justificaci\u00f3n<\/strong>.<br>Que <strong>el silencio no es vac\u00edo<\/strong>, es ra\u00edz.<\/p>\n\n\n\n<p>Te propongo algo simple, pero poderoso:<\/p>\n\n\n\n<p><strong>Reserva 10 minutos al d\u00eda para no hacer nada.<\/strong><br>Sin celular, sin m\u00fasica, sin libros, sin tareas. Solo t\u00fa, contigo mismo.<\/p>\n\n\n\n<ul class=\"wp-block-list\">\n<li>Si\u00e9ntate en silencio.<\/li>\n\n\n\n<li>Observa tu respiraci\u00f3n sin modificarla.<\/li>\n\n\n\n<li>Permite que tus pensamientos vengan\u2026 y d\u00e9jalos ir.<\/li>\n\n\n\n<li>Escucha lo que sientes sin intentar resolverlo.<\/li>\n<\/ul>\n\n\n\n<p>No se trata de meditar como t\u00e9cnica, ni de producir algo \u00fatil con ese tiempo. Se trata de <strong>estar<\/strong>.<\/p>\n\n\n\n<p>Si al principio sientes incomodidad, inquietud o ganas de salir corriendo, no te alarmes. Es natural. Es la mente desacostumbrada al espacio vac\u00edo.<br>Pero si perseveras, ese espacio dejar\u00e1 de ser amenaza y empezar\u00e1 a revelarse como <strong>un lugar de encuentro profundo<\/strong> contigo mismo.<\/p>\n\n\n\n<p>Hazlo durante una semana.<br>Y luego preg\u00fantate:<br><strong>\u00bfQu\u00e9 cambi\u00f3 en m\u00ed al permitirme no hacer nada?<\/strong><\/p>\n\n\n\n<p>Porque tal vez, justo all\u00ed, en ese silencio desarmado, empiece a nacer algo que hace tiempo est\u00e1 esperando:<br><strong>T\u00fa mismo.<\/strong><\/p>\n","protected":false},"excerpt":{"rendered":"<p>\u201cLa verdadera vida comienza en el momento en que termina la preocupaci\u00f3n por la supervivencia, la urgencia de la pura [&hellip;]<\/p>\n","protected":false},"author":1,"featured_media":262,"comment_status":"open","ping_status":"open","sticky":false,"template":"","format":"standard","meta":{"site-sidebar-layout":"default","site-content-layout":"","ast-site-content-layout":"default","site-content-style":"default","site-sidebar-style":"default","ast-global-header-display":"","ast-banner-title-visibility":"","ast-main-header-display":"","ast-hfb-above-header-display":"","ast-hfb-below-header-display":"","ast-hfb-mobile-header-display":"","site-post-title":"","ast-breadcrumbs-content":"","ast-featured-img":"","footer-sml-layout":"","ast-disable-related-posts":"","theme-transparent-header-meta":"","adv-header-id-meta":"","stick-header-meta":"","header-above-stick-meta":"","header-main-stick-meta":"","header-below-stick-meta":"","astra-migrate-meta-layouts":"default","ast-page-background-enabled":"default","ast-page-background-meta":{"desktop":{"background-color":"var(--ast-global-color-4)","background-image":"","background-repeat":"repeat","background-position":"center center","background-size":"auto","background-attachment":"scroll","background-type":"","background-media":"","overlay-type":"","overlay-color":"","overlay-opacity":"","overlay-gradient":""},"tablet":{"background-color":"","background-image":"","background-repeat":"repeat","background-position":"center center","background-size":"auto","background-attachment":"scroll","background-type":"","background-media":"","overlay-type":"","overlay-color":"","overlay-opacity":"","overlay-gradient":""},"mobile":{"background-color":"","background-image":"","background-repeat":"repeat","background-position":"center center","background-size":"auto","background-attachment":"scroll","background-type":"","background-media":"","overlay-type":"","overlay-color":"","overlay-opacity":"","overlay-gradient":""}},"ast-content-background-meta":{"desktop":{"background-color":"var(--ast-global-color-5)","background-image":"","background-repeat":"repeat","background-position":"center center","background-size":"auto","background-attachment":"scroll","background-type":"","background-media":"","overlay-type":"","overlay-color":"","overlay-opacity":"","overlay-gradient":""},"tablet":{"background-color":"var(--ast-global-color-5)","background-image":"","background-repeat":"repeat","background-position":"center center","background-size":"auto","background-attachment":"scroll","background-type":"","background-media":"","overlay-type":"","overlay-color":"","overlay-opacity":"","overlay-gradient":""},"mobile":{"background-color":"var(--ast-global-color-5)","background-image":"","background-repeat":"repeat","background-position":"center center","background-size":"auto","background-attachment":"scroll","background-type":"","background-media":"","overlay-type":"","overlay-color":"","overlay-opacity":"","overlay-gradient":""}},"footnotes":""},"categories":[1],"tags":[],"class_list":["post-261","post","type-post","status-publish","format-standard","has-post-thumbnail","hentry","category-blog"],"yoast_head":"<!-- This site is optimized with the Yoast SEO plugin v27.4 - https:\/\/yoast.com\/product\/yoast-seo-wordpress\/ -->\n<title>\u00bfQui\u00e9n Soy Si No Hago Nada? - Psicoeducandonos<\/title>\n<meta name=\"robots\" content=\"noindex, follow\" \/>\n<meta property=\"og:locale\" content=\"es_ES\" \/>\n<meta property=\"og:type\" content=\"article\" \/>\n<meta property=\"og:title\" content=\"\u00bfQui\u00e9n Soy Si No Hago Nada? - Psicoeducandonos\" \/>\n<meta property=\"og:description\" content=\"\u201cLa verdadera vida comienza en el momento en que termina la preocupaci\u00f3n por la supervivencia, la urgencia de la pura [&hellip;]\" \/>\n<meta property=\"og:url\" content=\"https:\/\/psicoeducandonos.org\/index.php\/2025\/05\/13\/quien-soy-si-no-hago-nada\/\" \/>\n<meta property=\"og:site_name\" content=\"Psicoeducandonos\" \/>\n<meta property=\"article:published_time\" content=\"2025-05-13T19:36:36+00:00\" \/>\n<meta property=\"article:modified_time\" content=\"2025-05-13T19:36:37+00:00\" \/>\n<meta property=\"og:image\" content=\"https:\/\/psicoeducandonos.org\/wp-content\/uploads\/2025\/05\/Imagen-de-WhatsApp-2025-05-13-a-las-14.44.14_296f80a1.jpg\" \/>\n\t<meta property=\"og:image:width\" content=\"685\" \/>\n\t<meta property=\"og:image:height\" content=\"846\" \/>\n\t<meta property=\"og:image:type\" content=\"image\/jpeg\" \/>\n<meta name=\"author\" content=\"Psic\u00f3logo Carlos Fuenmayor\" \/>\n<meta name=\"twitter:card\" content=\"summary_large_image\" \/>\n<meta name=\"twitter:label1\" content=\"Escrito por\" \/>\n\t<meta name=\"twitter:data1\" content=\"Psic\u00f3logo Carlos Fuenmayor\" \/>\n\t<meta name=\"twitter:label2\" content=\"Tiempo de lectura\" \/>\n\t<meta name=\"twitter:data2\" content=\"3 minutos\" \/>\n<script type=\"application\/ld+json\" class=\"yoast-schema-graph\">{\"@context\":\"https:\\\/\\\/schema.org\",\"@graph\":[{\"@type\":\"Article\",\"@id\":\"https:\\\/\\\/psicoeducandonos.org\\\/index.php\\\/2025\\\/05\\\/13\\\/quien-soy-si-no-hago-nada\\\/#article\",\"isPartOf\":{\"@id\":\"https:\\\/\\\/psicoeducandonos.org\\\/index.php\\\/2025\\\/05\\\/13\\\/quien-soy-si-no-hago-nada\\\/\"},\"author\":{\"name\":\"Psic\u00f3logo Carlos Fuenmayor\",\"@id\":\"https:\\\/\\\/psicoeducandonos.org\\\/#\\\/schema\\\/person\\\/ea84e28d58a68580002ec0e70ba53386\"},\"headline\":\"\u00bfQui\u00e9n Soy Si No Hago Nada?\",\"datePublished\":\"2025-05-13T19:36:36+00:00\",\"dateModified\":\"2025-05-13T19:36:37+00:00\",\"mainEntityOfPage\":{\"@id\":\"https:\\\/\\\/psicoeducandonos.org\\\/index.php\\\/2025\\\/05\\\/13\\\/quien-soy-si-no-hago-nada\\\/\"},\"wordCount\":650,\"commentCount\":0,\"publisher\":{\"@id\":\"https:\\\/\\\/psicoeducandonos.org\\\/#organization\"},\"image\":{\"@id\":\"https:\\\/\\\/psicoeducandonos.org\\\/index.php\\\/2025\\\/05\\\/13\\\/quien-soy-si-no-hago-nada\\\/#primaryimage\"},\"thumbnailUrl\":\"https:\\\/\\\/psicoeducandonos.org\\\/wp-content\\\/uploads\\\/2025\\\/05\\\/Imagen-de-WhatsApp-2025-05-13-a-las-14.44.14_296f80a1.jpg\",\"articleSection\":[\"Blog\"],\"inLanguage\":\"es\",\"potentialAction\":[{\"@type\":\"CommentAction\",\"name\":\"Comment\",\"target\":[\"https:\\\/\\\/psicoeducandonos.org\\\/index.php\\\/2025\\\/05\\\/13\\\/quien-soy-si-no-hago-nada\\\/#respond\"]}]},{\"@type\":\"WebPage\",\"@id\":\"https:\\\/\\\/psicoeducandonos.org\\\/index.php\\\/2025\\\/05\\\/13\\\/quien-soy-si-no-hago-nada\\\/\",\"url\":\"https:\\\/\\\/psicoeducandonos.org\\\/index.php\\\/2025\\\/05\\\/13\\\/quien-soy-si-no-hago-nada\\\/\",\"name\":\"\u00bfQui\u00e9n Soy Si No Hago Nada? - Psicoeducandonos\",\"isPartOf\":{\"@id\":\"https:\\\/\\\/psicoeducandonos.org\\\/#website\"},\"primaryImageOfPage\":{\"@id\":\"https:\\\/\\\/psicoeducandonos.org\\\/index.php\\\/2025\\\/05\\\/13\\\/quien-soy-si-no-hago-nada\\\/#primaryimage\"},\"image\":{\"@id\":\"https:\\\/\\\/psicoeducandonos.org\\\/index.php\\\/2025\\\/05\\\/13\\\/quien-soy-si-no-hago-nada\\\/#primaryimage\"},\"thumbnailUrl\":\"https:\\\/\\\/psicoeducandonos.org\\\/wp-content\\\/uploads\\\/2025\\\/05\\\/Imagen-de-WhatsApp-2025-05-13-a-las-14.44.14_296f80a1.jpg\",\"datePublished\":\"2025-05-13T19:36:36+00:00\",\"dateModified\":\"2025-05-13T19:36:37+00:00\",\"breadcrumb\":{\"@id\":\"https:\\\/\\\/psicoeducandonos.org\\\/index.php\\\/2025\\\/05\\\/13\\\/quien-soy-si-no-hago-nada\\\/#breadcrumb\"},\"inLanguage\":\"es\",\"potentialAction\":[{\"@type\":\"ReadAction\",\"target\":[\"https:\\\/\\\/psicoeducandonos.org\\\/index.php\\\/2025\\\/05\\\/13\\\/quien-soy-si-no-hago-nada\\\/\"]}]},{\"@type\":\"ImageObject\",\"inLanguage\":\"es\",\"@id\":\"https:\\\/\\\/psicoeducandonos.org\\\/index.php\\\/2025\\\/05\\\/13\\\/quien-soy-si-no-hago-nada\\\/#primaryimage\",\"url\":\"https:\\\/\\\/psicoeducandonos.org\\\/wp-content\\\/uploads\\\/2025\\\/05\\\/Imagen-de-WhatsApp-2025-05-13-a-las-14.44.14_296f80a1.jpg\",\"contentUrl\":\"https:\\\/\\\/psicoeducandonos.org\\\/wp-content\\\/uploads\\\/2025\\\/05\\\/Imagen-de-WhatsApp-2025-05-13-a-las-14.44.14_296f80a1.jpg\",\"width\":685,\"height\":846},{\"@type\":\"BreadcrumbList\",\"@id\":\"https:\\\/\\\/psicoeducandonos.org\\\/index.php\\\/2025\\\/05\\\/13\\\/quien-soy-si-no-hago-nada\\\/#breadcrumb\",\"itemListElement\":[{\"@type\":\"ListItem\",\"position\":1,\"name\":\"Inicio\",\"item\":\"https:\\\/\\\/psicoeducandonos.org\\\/\"},{\"@type\":\"ListItem\",\"position\":2,\"name\":\"\u00bfQui\u00e9n Soy Si No Hago Nada?\"}]},{\"@type\":\"WebSite\",\"@id\":\"https:\\\/\\\/psicoeducandonos.org\\\/#website\",\"url\":\"https:\\\/\\\/psicoeducandonos.org\\\/\",\"name\":\"Psicoeducandonos\",\"description\":\"Psicologia Profesional Online\",\"publisher\":{\"@id\":\"https:\\\/\\\/psicoeducandonos.org\\\/#organization\"},\"potentialAction\":[{\"@type\":\"SearchAction\",\"target\":{\"@type\":\"EntryPoint\",\"urlTemplate\":\"https:\\\/\\\/psicoeducandonos.org\\\/?s={search_term_string}\"},\"query-input\":{\"@type\":\"PropertyValueSpecification\",\"valueRequired\":true,\"valueName\":\"search_term_string\"}}],\"inLanguage\":\"es\"},{\"@type\":\"Organization\",\"@id\":\"https:\\\/\\\/psicoeducandonos.org\\\/#organization\",\"name\":\"Psicoeducandonos\",\"url\":\"https:\\\/\\\/psicoeducandonos.org\\\/\",\"logo\":{\"@type\":\"ImageObject\",\"inLanguage\":\"es\",\"@id\":\"https:\\\/\\\/psicoeducandonos.org\\\/#\\\/schema\\\/logo\\\/image\\\/\",\"url\":\"https:\\\/\\\/psicoeducandonos.org\\\/wp-content\\\/uploads\\\/2024\\\/02\\\/E.png\",\"contentUrl\":\"https:\\\/\\\/psicoeducandonos.org\\\/wp-content\\\/uploads\\\/2024\\\/02\\\/E.png\",\"width\":500,\"height\":500,\"caption\":\"Psicoeducandonos\"},\"image\":{\"@id\":\"https:\\\/\\\/psicoeducandonos.org\\\/#\\\/schema\\\/logo\\\/image\\\/\"}},{\"@type\":\"Person\",\"@id\":\"https:\\\/\\\/psicoeducandonos.org\\\/#\\\/schema\\\/person\\\/ea84e28d58a68580002ec0e70ba53386\",\"name\":\"Psic\u00f3logo Carlos Fuenmayor\",\"image\":{\"@type\":\"ImageObject\",\"inLanguage\":\"es\",\"@id\":\"https:\\\/\\\/secure.gravatar.com\\\/avatar\\\/212607c26f524162e2c46157ec77ec5223aa4e74ae9d51545a0c98d258a9412e?s=96&d=mm&r=g\",\"url\":\"https:\\\/\\\/secure.gravatar.com\\\/avatar\\\/212607c26f524162e2c46157ec77ec5223aa4e74ae9d51545a0c98d258a9412e?s=96&d=mm&r=g\",\"contentUrl\":\"https:\\\/\\\/secure.gravatar.com\\\/avatar\\\/212607c26f524162e2c46157ec77ec5223aa4e74ae9d51545a0c98d258a9412e?s=96&d=mm&r=g\",\"caption\":\"Psic\u00f3logo Carlos Fuenmayor\"},\"sameAs\":[\"http:\\\/\\\/psicoeducandonos.org\"],\"url\":\"https:\\\/\\\/psicoeducandonos.org\\\/index.php\\\/author\\\/psicoeducandonos-org\\\/\"}]}<\/script>\n<!-- \/ Yoast SEO plugin. -->","yoast_head_json":{"title":"\u00bfQui\u00e9n Soy Si No Hago Nada? - Psicoeducandonos","robots":{"index":"noindex","follow":"follow"},"og_locale":"es_ES","og_type":"article","og_title":"\u00bfQui\u00e9n Soy Si No Hago Nada? - Psicoeducandonos","og_description":"\u201cLa verdadera vida comienza en el momento en que termina la preocupaci\u00f3n por la supervivencia, la urgencia de la pura [&hellip;]","og_url":"https:\/\/psicoeducandonos.org\/index.php\/2025\/05\/13\/quien-soy-si-no-hago-nada\/","og_site_name":"Psicoeducandonos","article_published_time":"2025-05-13T19:36:36+00:00","article_modified_time":"2025-05-13T19:36:37+00:00","og_image":[{"width":685,"height":846,"url":"https:\/\/psicoeducandonos.org\/wp-content\/uploads\/2025\/05\/Imagen-de-WhatsApp-2025-05-13-a-las-14.44.14_296f80a1.jpg","type":"image\/jpeg"}],"author":"Psic\u00f3logo Carlos Fuenmayor","twitter_card":"summary_large_image","twitter_misc":{"Escrito por":"Psic\u00f3logo Carlos Fuenmayor","Tiempo de lectura":"3 minutos"},"schema":{"@context":"https:\/\/schema.org","@graph":[{"@type":"Article","@id":"https:\/\/psicoeducandonos.org\/index.php\/2025\/05\/13\/quien-soy-si-no-hago-nada\/#article","isPartOf":{"@id":"https:\/\/psicoeducandonos.org\/index.php\/2025\/05\/13\/quien-soy-si-no-hago-nada\/"},"author":{"name":"Psic\u00f3logo Carlos Fuenmayor","@id":"https:\/\/psicoeducandonos.org\/#\/schema\/person\/ea84e28d58a68580002ec0e70ba53386"},"headline":"\u00bfQui\u00e9n Soy Si No Hago Nada?","datePublished":"2025-05-13T19:36:36+00:00","dateModified":"2025-05-13T19:36:37+00:00","mainEntityOfPage":{"@id":"https:\/\/psicoeducandonos.org\/index.php\/2025\/05\/13\/quien-soy-si-no-hago-nada\/"},"wordCount":650,"commentCount":0,"publisher":{"@id":"https:\/\/psicoeducandonos.org\/#organization"},"image":{"@id":"https:\/\/psicoeducandonos.org\/index.php\/2025\/05\/13\/quien-soy-si-no-hago-nada\/#primaryimage"},"thumbnailUrl":"https:\/\/psicoeducandonos.org\/wp-content\/uploads\/2025\/05\/Imagen-de-WhatsApp-2025-05-13-a-las-14.44.14_296f80a1.jpg","articleSection":["Blog"],"inLanguage":"es","potentialAction":[{"@type":"CommentAction","name":"Comment","target":["https:\/\/psicoeducandonos.org\/index.php\/2025\/05\/13\/quien-soy-si-no-hago-nada\/#respond"]}]},{"@type":"WebPage","@id":"https:\/\/psicoeducandonos.org\/index.php\/2025\/05\/13\/quien-soy-si-no-hago-nada\/","url":"https:\/\/psicoeducandonos.org\/index.php\/2025\/05\/13\/quien-soy-si-no-hago-nada\/","name":"\u00bfQui\u00e9n Soy Si No Hago Nada? - Psicoeducandonos","isPartOf":{"@id":"https:\/\/psicoeducandonos.org\/#website"},"primaryImageOfPage":{"@id":"https:\/\/psicoeducandonos.org\/index.php\/2025\/05\/13\/quien-soy-si-no-hago-nada\/#primaryimage"},"image":{"@id":"https:\/\/psicoeducandonos.org\/index.php\/2025\/05\/13\/quien-soy-si-no-hago-nada\/#primaryimage"},"thumbnailUrl":"https:\/\/psicoeducandonos.org\/wp-content\/uploads\/2025\/05\/Imagen-de-WhatsApp-2025-05-13-a-las-14.44.14_296f80a1.jpg","datePublished":"2025-05-13T19:36:36+00:00","dateModified":"2025-05-13T19:36:37+00:00","breadcrumb":{"@id":"https:\/\/psicoeducandonos.org\/index.php\/2025\/05\/13\/quien-soy-si-no-hago-nada\/#breadcrumb"},"inLanguage":"es","potentialAction":[{"@type":"ReadAction","target":["https:\/\/psicoeducandonos.org\/index.php\/2025\/05\/13\/quien-soy-si-no-hago-nada\/"]}]},{"@type":"ImageObject","inLanguage":"es","@id":"https:\/\/psicoeducandonos.org\/index.php\/2025\/05\/13\/quien-soy-si-no-hago-nada\/#primaryimage","url":"https:\/\/psicoeducandonos.org\/wp-content\/uploads\/2025\/05\/Imagen-de-WhatsApp-2025-05-13-a-las-14.44.14_296f80a1.jpg","contentUrl":"https:\/\/psicoeducandonos.org\/wp-content\/uploads\/2025\/05\/Imagen-de-WhatsApp-2025-05-13-a-las-14.44.14_296f80a1.jpg","width":685,"height":846},{"@type":"BreadcrumbList","@id":"https:\/\/psicoeducandonos.org\/index.php\/2025\/05\/13\/quien-soy-si-no-hago-nada\/#breadcrumb","itemListElement":[{"@type":"ListItem","position":1,"name":"Inicio","item":"https:\/\/psicoeducandonos.org\/"},{"@type":"ListItem","position":2,"name":"\u00bfQui\u00e9n Soy Si No Hago Nada?"}]},{"@type":"WebSite","@id":"https:\/\/psicoeducandonos.org\/#website","url":"https:\/\/psicoeducandonos.org\/","name":"Psicoeducandonos","description":"Psicologia Profesional Online","publisher":{"@id":"https:\/\/psicoeducandonos.org\/#organization"},"potentialAction":[{"@type":"SearchAction","target":{"@type":"EntryPoint","urlTemplate":"https:\/\/psicoeducandonos.org\/?s={search_term_string}"},"query-input":{"@type":"PropertyValueSpecification","valueRequired":true,"valueName":"search_term_string"}}],"inLanguage":"es"},{"@type":"Organization","@id":"https:\/\/psicoeducandonos.org\/#organization","name":"Psicoeducandonos","url":"https:\/\/psicoeducandonos.org\/","logo":{"@type":"ImageObject","inLanguage":"es","@id":"https:\/\/psicoeducandonos.org\/#\/schema\/logo\/image\/","url":"https:\/\/psicoeducandonos.org\/wp-content\/uploads\/2024\/02\/E.png","contentUrl":"https:\/\/psicoeducandonos.org\/wp-content\/uploads\/2024\/02\/E.png","width":500,"height":500,"caption":"Psicoeducandonos"},"image":{"@id":"https:\/\/psicoeducandonos.org\/#\/schema\/logo\/image\/"}},{"@type":"Person","@id":"https:\/\/psicoeducandonos.org\/#\/schema\/person\/ea84e28d58a68580002ec0e70ba53386","name":"Psic\u00f3logo Carlos Fuenmayor","image":{"@type":"ImageObject","inLanguage":"es","@id":"https:\/\/secure.gravatar.com\/avatar\/212607c26f524162e2c46157ec77ec5223aa4e74ae9d51545a0c98d258a9412e?s=96&d=mm&r=g","url":"https:\/\/secure.gravatar.com\/avatar\/212607c26f524162e2c46157ec77ec5223aa4e74ae9d51545a0c98d258a9412e?s=96&d=mm&r=g","contentUrl":"https:\/\/secure.gravatar.com\/avatar\/212607c26f524162e2c46157ec77ec5223aa4e74ae9d51545a0c98d258a9412e?s=96&d=mm&r=g","caption":"Psic\u00f3logo Carlos Fuenmayor"},"sameAs":["http:\/\/psicoeducandonos.org"],"url":"https:\/\/psicoeducandonos.org\/index.php\/author\/psicoeducandonos-org\/"}]}},"_links":{"self":[{"href":"https:\/\/psicoeducandonos.org\/index.php\/wp-json\/wp\/v2\/posts\/261","targetHints":{"allow":["GET"]}}],"collection":[{"href":"https:\/\/psicoeducandonos.org\/index.php\/wp-json\/wp\/v2\/posts"}],"about":[{"href":"https:\/\/psicoeducandonos.org\/index.php\/wp-json\/wp\/v2\/types\/post"}],"author":[{"embeddable":true,"href":"https:\/\/psicoeducandonos.org\/index.php\/wp-json\/wp\/v2\/users\/1"}],"replies":[{"embeddable":true,"href":"https:\/\/psicoeducandonos.org\/index.php\/wp-json\/wp\/v2\/comments?post=261"}],"version-history":[{"count":1,"href":"https:\/\/psicoeducandonos.org\/index.php\/wp-json\/wp\/v2\/posts\/261\/revisions"}],"predecessor-version":[{"id":263,"href":"https:\/\/psicoeducandonos.org\/index.php\/wp-json\/wp\/v2\/posts\/261\/revisions\/263"}],"wp:featuredmedia":[{"embeddable":true,"href":"https:\/\/psicoeducandonos.org\/index.php\/wp-json\/wp\/v2\/media\/262"}],"wp:attachment":[{"href":"https:\/\/psicoeducandonos.org\/index.php\/wp-json\/wp\/v2\/media?parent=261"}],"wp:term":[{"taxonomy":"category","embeddable":true,"href":"https:\/\/psicoeducandonos.org\/index.php\/wp-json\/wp\/v2\/categories?post=261"},{"taxonomy":"post_tag","embeddable":true,"href":"https:\/\/psicoeducandonos.org\/index.php\/wp-json\/wp\/v2\/tags?post=261"}],"curies":[{"name":"wp","href":"https:\/\/api.w.org\/{rel}","templated":true}]}}