{"id":257,"date":"2025-05-12T13:33:14","date_gmt":"2025-05-12T16:33:14","guid":{"rendered":"https:\/\/psicoeducandonos.org\/?p=257"},"modified":"2025-05-21T11:35:09","modified_gmt":"2025-05-21T14:35:09","slug":"la-soledad-compartida","status":"publish","type":"post","link":"https:\/\/psicoeducandonos.org\/index.php\/2025\/05\/12\/la-soledad-compartida\/","title":{"rendered":"La Soledad Compartida"},"content":{"rendered":"\n<p><strong>&#8220;Aureliano y Fernanda no compartieron la soledad, sino que siguieron viviendo cada uno en la suya, haciendo la limpieza del cuarto respectivo, mientras la telara\u00f1a iba nevando los rosales, tapizando las vigas, acolchonando las paredes.&#8221;<\/strong><br>\u2014 <em>Gabriel Garc\u00eda M\u00e1rquez, Cien a\u00f1os de soledad<\/em><\/p>\n\n\n\n<p><strong>\u00bfAlguna vez has experimentado una soledad compartida, es decir, estar con alguien f\u00edsicamente pero emocionalmente aislado?<\/strong><\/p>\n\n\n\n<p>La soledad compartida es una de las formas m\u00e1s silenciosas y profundas del vac\u00edo humano. No se trata de la ausencia del otro, sino de su presencia hueca. Est\u00e1 ah\u00ed, se mueve, respira, comparte la mesa, pero no toca el coraz\u00f3n. Desde una perspectiva psicol\u00f3gica, esta experiencia suele darse cuando la comunicaci\u00f3n emocional se ha roto, pero se conserva la estructura de la convivencia. Las personas permanecen juntas por h\u00e1bito, deber, miedo o comodidad, pero han dejado de habitarse mutuamente.<\/p>\n\n\n\n<p>La rutina sustituye al di\u00e1logo, la cortes\u00eda reemplaza al afecto, y el silencio se vuelve una tercera presencia que crece entre ambos como una telara\u00f1a. El fragmento de Gabriel Garc\u00eda M\u00e1rquez lo ilustra con una potencia visual desgarradora: las telara\u00f1as que &#8220;nevaban los rosales&#8221; y &#8220;acolchonaban las paredes&#8221; no solo hablan del abandono material, sino del abandono emocional. El polvo emocional de lo no dicho, de lo que se evita por miedo o por costumbre, se acumula en los rincones de una relaci\u00f3n que ya no florece.<\/p>\n\n\n\n<p>Desde la psicolog\u00eda sist\u00e9mica, este tipo de din\u00e1mica puede verse como un equilibrio disfuncional. Es decir, el sistema relacional encuentra una forma de estabilidad que evita el conflicto, pero al precio de sacrificar la vitalidad. No hay peleas, pero tampoco hay pasi\u00f3n ni encuentro genuino. Las personas se &#8220;autorregulan&#8221; para no herirse, pero terminan no toc\u00e1ndose. \u00bfCu\u00e1ntas parejas, familias o amistades sobreviven bajo este pacto silencioso de no perturbarse, aunque eso implique no conectarse?<\/p>\n\n\n\n<p>La soledad compartida no siempre se reconoce de inmediato. Puede tomar a\u00f1os, incluso d\u00e9cadas, para que uno de los involucrados advierta que se ha convertido en espectador de su propia relaci\u00f3n. En muchos casos, esta desconexi\u00f3n emocional se justifica con frases como &#8220;as\u00ed es la vida&#8221;, &#8220;todas las parejas envejecen&#8221;, o &#8220;ya no es como antes&#8221;. Pero en el fondo, lo que se ha perdido no es solo el deseo o la novedad, sino la capacidad de verse y de elegirse conscientemente.<\/p>\n\n\n\n<p>En <em>Cien a\u00f1os de soledad<\/em>, los personajes est\u00e1n marcados por un destino c\u00edclico que los empuja a repetir patrones de soledad heredada. La relaci\u00f3n entre Aureliano y Fernanda no escapa a esa condena: viven bajo el mismo techo, pero su mundo interior es ajeno al del otro. Y mientras eso ocurre, las telara\u00f1as avanzan. La imagen no podr\u00eda ser m\u00e1s exacta: el tiempo pasa, los objetos se cubren, el afecto se fosiliza.<\/p>\n\n\n\n<p><strong>\u00bfY si el mayor abandono no es irse, sino quedarse sin estar?<\/strong><\/p>\n\n\n\n<p>Tal vez esta cita no nos habla solo de Aureliano y Fernanda, sino de una trampa afectiva com\u00fan: creer que la presencia f\u00edsica basta para sostener un v\u00ednculo. Este texto nos invita a cuestionar cu\u00e1ntas relaciones sobreviven por inercia, cu\u00e1ntas palabras no dichas est\u00e1n pesando en las paredes de nuestras casas, y si no ser\u00e1 hora de barrer nuestras propias telara\u00f1as. Enfrentar la soledad compartida requiere coraje: el de hablar, el de mirar al otro con verdad, el de reconocer lo que se ha perdido y lo que a\u00fan podr\u00eda reconstruirse.<\/p>\n\n\n\n<p>Porque a veces, el primer paso para recuperar la conexi\u00f3n no es buscar m\u00e1s cerca del otro, sino atreverse a barrer dentro de uno mismo.<br><br>Psic\u00f3l. Carlos Fuenmayor <\/p>\n","protected":false},"excerpt":{"rendered":"<p>&#8220;Aureliano y Fernanda no compartieron la soledad, sino que siguieron viviendo cada uno en la suya, haciendo la limpieza del [&hellip;]<\/p>\n","protected":false},"author":1,"featured_media":258,"comment_status":"open","ping_status":"open","sticky":false,"template":"","format":"standard","meta":{"site-sidebar-layout":"default","site-content-layout":"","ast-site-content-layout":"default","site-content-style":"default","site-sidebar-style":"default","ast-global-header-display":"","ast-banner-title-visibility":"","ast-main-header-display":"","ast-hfb-above-header-display":"","ast-hfb-below-header-display":"","ast-hfb-mobile-header-display":"","site-post-title":"","ast-breadcrumbs-content":"","ast-featured-img":"","footer-sml-layout":"","ast-disable-related-posts":"","theme-transparent-header-meta":"","adv-header-id-meta":"","stick-header-meta":"","header-above-stick-meta":"","header-main-stick-meta":"","header-below-stick-meta":"","astra-migrate-meta-layouts":"default","ast-page-background-enabled":"default","ast-page-background-meta":{"desktop":{"background-color":"var(--ast-global-color-4)","background-image":"","background-repeat":"repeat","background-position":"center center","background-size":"auto","background-attachment":"scroll","background-type":"","background-media":"","overlay-type":"","overlay-color":"","overlay-opacity":"","overlay-gradient":""},"tablet":{"background-color":"","background-image":"","background-repeat":"repeat","background-position":"center center","background-size":"auto","background-attachment":"scroll","background-type":"","background-media":"","overlay-type":"","overlay-color":"","overlay-opacity":"","overlay-gradient":""},"mobile":{"background-color":"","background-image":"","background-repeat":"repeat","background-position":"center center","background-size":"auto","background-attachment":"scroll","background-type":"","background-media":"","overlay-type":"","overlay-color":"","overlay-opacity":"","overlay-gradient":""}},"ast-content-background-meta":{"desktop":{"background-color":"var(--ast-global-color-5)","background-image":"","background-repeat":"repeat","background-position":"center center","background-size":"auto","background-attachment":"scroll","background-type":"","background-media":"","overlay-type":"","overlay-color":"","overlay-opacity":"","overlay-gradient":""},"tablet":{"background-color":"var(--ast-global-color-5)","background-image":"","background-repeat":"repeat","background-position":"center center","background-size":"auto","background-attachment":"scroll","background-type":"","background-media":"","overlay-type":"","overlay-color":"","overlay-opacity":"","overlay-gradient":""},"mobile":{"background-color":"var(--ast-global-color-5)","background-image":"","background-repeat":"repeat","background-position":"center center","background-size":"auto","background-attachment":"scroll","background-type":"","background-media":"","overlay-type":"","overlay-color":"","overlay-opacity":"","overlay-gradient":""}},"footnotes":""},"categories":[1],"tags":[],"class_list":["post-257","post","type-post","status-publish","format-standard","has-post-thumbnail","hentry","category-blog"],"yoast_head":"<!-- This site is optimized with the Yoast SEO plugin v27.4 - https:\/\/yoast.com\/product\/yoast-seo-wordpress\/ -->\n<title>La Soledad Compartida - Psicoeducandonos<\/title>\n<meta name=\"description\" content=\"\u00bfAlguna vez has experimentado una soledad compartida, es decir, estar con alguien f\u00edsicamente pero emocionalmente aislado?\" \/>\n<meta name=\"robots\" content=\"noindex, follow\" \/>\n<meta property=\"og:locale\" content=\"es_ES\" \/>\n<meta property=\"og:type\" content=\"article\" \/>\n<meta property=\"og:title\" content=\"La Soledad Compartida - Psicoeducandonos\" \/>\n<meta property=\"og:description\" content=\"\u00bfAlguna vez has experimentado una soledad compartida, es decir, estar con alguien f\u00edsicamente pero emocionalmente aislado?\" \/>\n<meta property=\"og:url\" content=\"https:\/\/psicoeducandonos.org\/index.php\/2025\/05\/12\/la-soledad-compartida\/\" \/>\n<meta property=\"og:site_name\" content=\"Psicoeducandonos\" \/>\n<meta property=\"article:published_time\" content=\"2025-05-12T16:33:14+00:00\" \/>\n<meta property=\"article:modified_time\" content=\"2025-05-21T14:35:09+00:00\" \/>\n<meta property=\"og:image\" content=\"https:\/\/psicoeducandonos.org\/wp-content\/uploads\/2025\/05\/Fernanda-y-Aureliano.jpg\" \/>\n\t<meta property=\"og:image:width\" content=\"1205\" \/>\n\t<meta property=\"og:image:height\" content=\"745\" \/>\n\t<meta property=\"og:image:type\" content=\"image\/jpeg\" \/>\n<meta name=\"author\" content=\"Psic\u00f3logo Carlos Fuenmayor\" \/>\n<meta name=\"twitter:card\" content=\"summary_large_image\" \/>\n<meta name=\"twitter:label1\" content=\"Escrito por\" \/>\n\t<meta name=\"twitter:data1\" content=\"Psic\u00f3logo Carlos Fuenmayor\" \/>\n\t<meta name=\"twitter:label2\" content=\"Tiempo de lectura\" \/>\n\t<meta name=\"twitter:data2\" content=\"3 minutos\" \/>\n<script type=\"application\/ld+json\" class=\"yoast-schema-graph\">{\"@context\":\"https:\\\/\\\/schema.org\",\"@graph\":[{\"@type\":\"Article\",\"@id\":\"https:\\\/\\\/psicoeducandonos.org\\\/index.php\\\/2025\\\/05\\\/12\\\/la-soledad-compartida\\\/#article\",\"isPartOf\":{\"@id\":\"https:\\\/\\\/psicoeducandonos.org\\\/index.php\\\/2025\\\/05\\\/12\\\/la-soledad-compartida\\\/\"},\"author\":{\"name\":\"Psic\u00f3logo Carlos Fuenmayor\",\"@id\":\"https:\\\/\\\/psicoeducandonos.org\\\/#\\\/schema\\\/person\\\/ea84e28d58a68580002ec0e70ba53386\"},\"headline\":\"La Soledad Compartida\",\"datePublished\":\"2025-05-12T16:33:14+00:00\",\"dateModified\":\"2025-05-21T14:35:09+00:00\",\"mainEntityOfPage\":{\"@id\":\"https:\\\/\\\/psicoeducandonos.org\\\/index.php\\\/2025\\\/05\\\/12\\\/la-soledad-compartida\\\/\"},\"wordCount\":634,\"commentCount\":2,\"publisher\":{\"@id\":\"https:\\\/\\\/psicoeducandonos.org\\\/#organization\"},\"image\":{\"@id\":\"https:\\\/\\\/psicoeducandonos.org\\\/index.php\\\/2025\\\/05\\\/12\\\/la-soledad-compartida\\\/#primaryimage\"},\"thumbnailUrl\":\"https:\\\/\\\/psicoeducandonos.org\\\/wp-content\\\/uploads\\\/2025\\\/05\\\/Fernanda-y-Aureliano.jpg\",\"articleSection\":[\"Blog\"],\"inLanguage\":\"es\",\"potentialAction\":[{\"@type\":\"CommentAction\",\"name\":\"Comment\",\"target\":[\"https:\\\/\\\/psicoeducandonos.org\\\/index.php\\\/2025\\\/05\\\/12\\\/la-soledad-compartida\\\/#respond\"]}]},{\"@type\":\"WebPage\",\"@id\":\"https:\\\/\\\/psicoeducandonos.org\\\/index.php\\\/2025\\\/05\\\/12\\\/la-soledad-compartida\\\/\",\"url\":\"https:\\\/\\\/psicoeducandonos.org\\\/index.php\\\/2025\\\/05\\\/12\\\/la-soledad-compartida\\\/\",\"name\":\"La Soledad Compartida - Psicoeducandonos\",\"isPartOf\":{\"@id\":\"https:\\\/\\\/psicoeducandonos.org\\\/#website\"},\"primaryImageOfPage\":{\"@id\":\"https:\\\/\\\/psicoeducandonos.org\\\/index.php\\\/2025\\\/05\\\/12\\\/la-soledad-compartida\\\/#primaryimage\"},\"image\":{\"@id\":\"https:\\\/\\\/psicoeducandonos.org\\\/index.php\\\/2025\\\/05\\\/12\\\/la-soledad-compartida\\\/#primaryimage\"},\"thumbnailUrl\":\"https:\\\/\\\/psicoeducandonos.org\\\/wp-content\\\/uploads\\\/2025\\\/05\\\/Fernanda-y-Aureliano.jpg\",\"datePublished\":\"2025-05-12T16:33:14+00:00\",\"dateModified\":\"2025-05-21T14:35:09+00:00\",\"description\":\"\u00bfAlguna vez has experimentado una soledad compartida, es decir, estar con alguien f\u00edsicamente pero emocionalmente aislado?\",\"breadcrumb\":{\"@id\":\"https:\\\/\\\/psicoeducandonos.org\\\/index.php\\\/2025\\\/05\\\/12\\\/la-soledad-compartida\\\/#breadcrumb\"},\"inLanguage\":\"es\",\"potentialAction\":[{\"@type\":\"ReadAction\",\"target\":[\"https:\\\/\\\/psicoeducandonos.org\\\/index.php\\\/2025\\\/05\\\/12\\\/la-soledad-compartida\\\/\"]}]},{\"@type\":\"ImageObject\",\"inLanguage\":\"es\",\"@id\":\"https:\\\/\\\/psicoeducandonos.org\\\/index.php\\\/2025\\\/05\\\/12\\\/la-soledad-compartida\\\/#primaryimage\",\"url\":\"https:\\\/\\\/psicoeducandonos.org\\\/wp-content\\\/uploads\\\/2025\\\/05\\\/Fernanda-y-Aureliano.jpg\",\"contentUrl\":\"https:\\\/\\\/psicoeducandonos.org\\\/wp-content\\\/uploads\\\/2025\\\/05\\\/Fernanda-y-Aureliano.jpg\",\"width\":1205,\"height\":745},{\"@type\":\"BreadcrumbList\",\"@id\":\"https:\\\/\\\/psicoeducandonos.org\\\/index.php\\\/2025\\\/05\\\/12\\\/la-soledad-compartida\\\/#breadcrumb\",\"itemListElement\":[{\"@type\":\"ListItem\",\"position\":1,\"name\":\"Inicio\",\"item\":\"https:\\\/\\\/psicoeducandonos.org\\\/\"},{\"@type\":\"ListItem\",\"position\":2,\"name\":\"La Soledad Compartida\"}]},{\"@type\":\"WebSite\",\"@id\":\"https:\\\/\\\/psicoeducandonos.org\\\/#website\",\"url\":\"https:\\\/\\\/psicoeducandonos.org\\\/\",\"name\":\"Psicoeducandonos\",\"description\":\"Psicologia Profesional Online\",\"publisher\":{\"@id\":\"https:\\\/\\\/psicoeducandonos.org\\\/#organization\"},\"potentialAction\":[{\"@type\":\"SearchAction\",\"target\":{\"@type\":\"EntryPoint\",\"urlTemplate\":\"https:\\\/\\\/psicoeducandonos.org\\\/?s={search_term_string}\"},\"query-input\":{\"@type\":\"PropertyValueSpecification\",\"valueRequired\":true,\"valueName\":\"search_term_string\"}}],\"inLanguage\":\"es\"},{\"@type\":\"Organization\",\"@id\":\"https:\\\/\\\/psicoeducandonos.org\\\/#organization\",\"name\":\"Psicoeducandonos\",\"url\":\"https:\\\/\\\/psicoeducandonos.org\\\/\",\"logo\":{\"@type\":\"ImageObject\",\"inLanguage\":\"es\",\"@id\":\"https:\\\/\\\/psicoeducandonos.org\\\/#\\\/schema\\\/logo\\\/image\\\/\",\"url\":\"https:\\\/\\\/psicoeducandonos.org\\\/wp-content\\\/uploads\\\/2024\\\/02\\\/E.png\",\"contentUrl\":\"https:\\\/\\\/psicoeducandonos.org\\\/wp-content\\\/uploads\\\/2024\\\/02\\\/E.png\",\"width\":500,\"height\":500,\"caption\":\"Psicoeducandonos\"},\"image\":{\"@id\":\"https:\\\/\\\/psicoeducandonos.org\\\/#\\\/schema\\\/logo\\\/image\\\/\"}},{\"@type\":\"Person\",\"@id\":\"https:\\\/\\\/psicoeducandonos.org\\\/#\\\/schema\\\/person\\\/ea84e28d58a68580002ec0e70ba53386\",\"name\":\"Psic\u00f3logo Carlos Fuenmayor\",\"image\":{\"@type\":\"ImageObject\",\"inLanguage\":\"es\",\"@id\":\"https:\\\/\\\/secure.gravatar.com\\\/avatar\\\/212607c26f524162e2c46157ec77ec5223aa4e74ae9d51545a0c98d258a9412e?s=96&d=mm&r=g\",\"url\":\"https:\\\/\\\/secure.gravatar.com\\\/avatar\\\/212607c26f524162e2c46157ec77ec5223aa4e74ae9d51545a0c98d258a9412e?s=96&d=mm&r=g\",\"contentUrl\":\"https:\\\/\\\/secure.gravatar.com\\\/avatar\\\/212607c26f524162e2c46157ec77ec5223aa4e74ae9d51545a0c98d258a9412e?s=96&d=mm&r=g\",\"caption\":\"Psic\u00f3logo Carlos Fuenmayor\"},\"sameAs\":[\"http:\\\/\\\/psicoeducandonos.org\"],\"url\":\"https:\\\/\\\/psicoeducandonos.org\\\/index.php\\\/author\\\/psicoeducandonos-org\\\/\"}]}<\/script>\n<!-- \/ Yoast SEO plugin. -->","yoast_head_json":{"title":"La Soledad Compartida - Psicoeducandonos","description":"\u00bfAlguna vez has experimentado una soledad compartida, es decir, estar con alguien f\u00edsicamente pero emocionalmente aislado?","robots":{"index":"noindex","follow":"follow"},"og_locale":"es_ES","og_type":"article","og_title":"La Soledad Compartida - Psicoeducandonos","og_description":"\u00bfAlguna vez has experimentado una soledad compartida, es decir, estar con alguien f\u00edsicamente pero emocionalmente aislado?","og_url":"https:\/\/psicoeducandonos.org\/index.php\/2025\/05\/12\/la-soledad-compartida\/","og_site_name":"Psicoeducandonos","article_published_time":"2025-05-12T16:33:14+00:00","article_modified_time":"2025-05-21T14:35:09+00:00","og_image":[{"width":1205,"height":745,"url":"https:\/\/psicoeducandonos.org\/wp-content\/uploads\/2025\/05\/Fernanda-y-Aureliano.jpg","type":"image\/jpeg"}],"author":"Psic\u00f3logo Carlos Fuenmayor","twitter_card":"summary_large_image","twitter_misc":{"Escrito por":"Psic\u00f3logo Carlos Fuenmayor","Tiempo de lectura":"3 minutos"},"schema":{"@context":"https:\/\/schema.org","@graph":[{"@type":"Article","@id":"https:\/\/psicoeducandonos.org\/index.php\/2025\/05\/12\/la-soledad-compartida\/#article","isPartOf":{"@id":"https:\/\/psicoeducandonos.org\/index.php\/2025\/05\/12\/la-soledad-compartida\/"},"author":{"name":"Psic\u00f3logo Carlos Fuenmayor","@id":"https:\/\/psicoeducandonos.org\/#\/schema\/person\/ea84e28d58a68580002ec0e70ba53386"},"headline":"La Soledad Compartida","datePublished":"2025-05-12T16:33:14+00:00","dateModified":"2025-05-21T14:35:09+00:00","mainEntityOfPage":{"@id":"https:\/\/psicoeducandonos.org\/index.php\/2025\/05\/12\/la-soledad-compartida\/"},"wordCount":634,"commentCount":2,"publisher":{"@id":"https:\/\/psicoeducandonos.org\/#organization"},"image":{"@id":"https:\/\/psicoeducandonos.org\/index.php\/2025\/05\/12\/la-soledad-compartida\/#primaryimage"},"thumbnailUrl":"https:\/\/psicoeducandonos.org\/wp-content\/uploads\/2025\/05\/Fernanda-y-Aureliano.jpg","articleSection":["Blog"],"inLanguage":"es","potentialAction":[{"@type":"CommentAction","name":"Comment","target":["https:\/\/psicoeducandonos.org\/index.php\/2025\/05\/12\/la-soledad-compartida\/#respond"]}]},{"@type":"WebPage","@id":"https:\/\/psicoeducandonos.org\/index.php\/2025\/05\/12\/la-soledad-compartida\/","url":"https:\/\/psicoeducandonos.org\/index.php\/2025\/05\/12\/la-soledad-compartida\/","name":"La Soledad Compartida - Psicoeducandonos","isPartOf":{"@id":"https:\/\/psicoeducandonos.org\/#website"},"primaryImageOfPage":{"@id":"https:\/\/psicoeducandonos.org\/index.php\/2025\/05\/12\/la-soledad-compartida\/#primaryimage"},"image":{"@id":"https:\/\/psicoeducandonos.org\/index.php\/2025\/05\/12\/la-soledad-compartida\/#primaryimage"},"thumbnailUrl":"https:\/\/psicoeducandonos.org\/wp-content\/uploads\/2025\/05\/Fernanda-y-Aureliano.jpg","datePublished":"2025-05-12T16:33:14+00:00","dateModified":"2025-05-21T14:35:09+00:00","description":"\u00bfAlguna vez has experimentado una soledad compartida, es decir, estar con alguien f\u00edsicamente pero emocionalmente aislado?","breadcrumb":{"@id":"https:\/\/psicoeducandonos.org\/index.php\/2025\/05\/12\/la-soledad-compartida\/#breadcrumb"},"inLanguage":"es","potentialAction":[{"@type":"ReadAction","target":["https:\/\/psicoeducandonos.org\/index.php\/2025\/05\/12\/la-soledad-compartida\/"]}]},{"@type":"ImageObject","inLanguage":"es","@id":"https:\/\/psicoeducandonos.org\/index.php\/2025\/05\/12\/la-soledad-compartida\/#primaryimage","url":"https:\/\/psicoeducandonos.org\/wp-content\/uploads\/2025\/05\/Fernanda-y-Aureliano.jpg","contentUrl":"https:\/\/psicoeducandonos.org\/wp-content\/uploads\/2025\/05\/Fernanda-y-Aureliano.jpg","width":1205,"height":745},{"@type":"BreadcrumbList","@id":"https:\/\/psicoeducandonos.org\/index.php\/2025\/05\/12\/la-soledad-compartida\/#breadcrumb","itemListElement":[{"@type":"ListItem","position":1,"name":"Inicio","item":"https:\/\/psicoeducandonos.org\/"},{"@type":"ListItem","position":2,"name":"La Soledad Compartida"}]},{"@type":"WebSite","@id":"https:\/\/psicoeducandonos.org\/#website","url":"https:\/\/psicoeducandonos.org\/","name":"Psicoeducandonos","description":"Psicologia Profesional Online","publisher":{"@id":"https:\/\/psicoeducandonos.org\/#organization"},"potentialAction":[{"@type":"SearchAction","target":{"@type":"EntryPoint","urlTemplate":"https:\/\/psicoeducandonos.org\/?s={search_term_string}"},"query-input":{"@type":"PropertyValueSpecification","valueRequired":true,"valueName":"search_term_string"}}],"inLanguage":"es"},{"@type":"Organization","@id":"https:\/\/psicoeducandonos.org\/#organization","name":"Psicoeducandonos","url":"https:\/\/psicoeducandonos.org\/","logo":{"@type":"ImageObject","inLanguage":"es","@id":"https:\/\/psicoeducandonos.org\/#\/schema\/logo\/image\/","url":"https:\/\/psicoeducandonos.org\/wp-content\/uploads\/2024\/02\/E.png","contentUrl":"https:\/\/psicoeducandonos.org\/wp-content\/uploads\/2024\/02\/E.png","width":500,"height":500,"caption":"Psicoeducandonos"},"image":{"@id":"https:\/\/psicoeducandonos.org\/#\/schema\/logo\/image\/"}},{"@type":"Person","@id":"https:\/\/psicoeducandonos.org\/#\/schema\/person\/ea84e28d58a68580002ec0e70ba53386","name":"Psic\u00f3logo Carlos Fuenmayor","image":{"@type":"ImageObject","inLanguage":"es","@id":"https:\/\/secure.gravatar.com\/avatar\/212607c26f524162e2c46157ec77ec5223aa4e74ae9d51545a0c98d258a9412e?s=96&d=mm&r=g","url":"https:\/\/secure.gravatar.com\/avatar\/212607c26f524162e2c46157ec77ec5223aa4e74ae9d51545a0c98d258a9412e?s=96&d=mm&r=g","contentUrl":"https:\/\/secure.gravatar.com\/avatar\/212607c26f524162e2c46157ec77ec5223aa4e74ae9d51545a0c98d258a9412e?s=96&d=mm&r=g","caption":"Psic\u00f3logo Carlos Fuenmayor"},"sameAs":["http:\/\/psicoeducandonos.org"],"url":"https:\/\/psicoeducandonos.org\/index.php\/author\/psicoeducandonos-org\/"}]}},"_links":{"self":[{"href":"https:\/\/psicoeducandonos.org\/index.php\/wp-json\/wp\/v2\/posts\/257","targetHints":{"allow":["GET"]}}],"collection":[{"href":"https:\/\/psicoeducandonos.org\/index.php\/wp-json\/wp\/v2\/posts"}],"about":[{"href":"https:\/\/psicoeducandonos.org\/index.php\/wp-json\/wp\/v2\/types\/post"}],"author":[{"embeddable":true,"href":"https:\/\/psicoeducandonos.org\/index.php\/wp-json\/wp\/v2\/users\/1"}],"replies":[{"embeddable":true,"href":"https:\/\/psicoeducandonos.org\/index.php\/wp-json\/wp\/v2\/comments?post=257"}],"version-history":[{"count":2,"href":"https:\/\/psicoeducandonos.org\/index.php\/wp-json\/wp\/v2\/posts\/257\/revisions"}],"predecessor-version":[{"id":260,"href":"https:\/\/psicoeducandonos.org\/index.php\/wp-json\/wp\/v2\/posts\/257\/revisions\/260"}],"wp:featuredmedia":[{"embeddable":true,"href":"https:\/\/psicoeducandonos.org\/index.php\/wp-json\/wp\/v2\/media\/258"}],"wp:attachment":[{"href":"https:\/\/psicoeducandonos.org\/index.php\/wp-json\/wp\/v2\/media?parent=257"}],"wp:term":[{"taxonomy":"category","embeddable":true,"href":"https:\/\/psicoeducandonos.org\/index.php\/wp-json\/wp\/v2\/categories?post=257"},{"taxonomy":"post_tag","embeddable":true,"href":"https:\/\/psicoeducandonos.org\/index.php\/wp-json\/wp\/v2\/tags?post=257"}],"curies":[{"name":"wp","href":"https:\/\/api.w.org\/{rel}","templated":true}]}}