{"id":251,"date":"2025-04-25T13:12:47","date_gmt":"2025-04-25T16:12:47","guid":{"rendered":"https:\/\/psicoeducandonos.org\/?p=251"},"modified":"2025-04-25T13:18:45","modified_gmt":"2025-04-25T16:18:45","slug":"lo-que-mas-duele-se-queda-mas-tiempo","status":"publish","type":"post","link":"https:\/\/psicoeducandonos.org\/index.php\/2025\/04\/25\/lo-que-mas-duele-se-queda-mas-tiempo\/","title":{"rendered":"LO QUE M\u00c1S DUELE SE QUEDA M\u00c1S TIEMPO"},"content":{"rendered":"\n<p>En el amor, como en la memoria, lo que m\u00e1s duele se queda m\u00e1s tiempo.<\/p>\n\n\n\n<p>Si recuerdas m\u00e1s las veces que tu pareja fall\u00f3 que aquellas en las que te apoy\u00f3, es posible que est\u00e9s cayendo en el sesgo de disponibilidad. No es que no te quiera; es que tu mente recuerda con m\u00e1s facilidad lo que doli\u00f3.<\/p>\n\n\n\n<p>Este sesgo nos hace dar m\u00e1s peso a los recuerdos que aparecen r\u00e1pido en nuestra mente, sobre todo si fueron intensos emocionalmente. Y en una relaci\u00f3n, los momentos dif\u00edciles tienden a dejar una huella m\u00e1s profunda que los cotidianos actos de amor.<\/p>\n\n\n\n<p>Si tu pareja olvid\u00f3 tu cumplea\u00f1os una vez, pero estuvo presente en muchos otros momentos importantes, podr\u00edas terminar sintiendo que &#8220;nunca est\u00e1&#8221;, solo porque ese mal recuerdo es el que salta primero cuando piensas en \u00e9l o ella.<\/p>\n\n\n\n<p>\ud83e\udde9 Antes de decir \u201csiempre\u201d o \u201cnunca\u201d en una discusi\u00f3n de pareja, preg\u00fantate:<br>\u00bfEstoy viendo toda la historia\u2026 o solo lo que m\u00e1s f\u00e1cilmente&nbsp;recuerdo?<\/p>\n\n\n\n<p><\/p>\n","protected":false},"excerpt":{"rendered":"<p>En el amor, como en la memoria, lo que m\u00e1s duele se queda m\u00e1s tiempo. Si recuerdas m\u00e1s las veces [&hellip;]<\/p>\n","protected":false},"author":1,"featured_media":252,"comment_status":"open","ping_status":"open","sticky":false,"template":"","format":"standard","meta":{"site-sidebar-layout":"default","site-content-layout":"","ast-site-content-layout":"default","site-content-style":"default","site-sidebar-style":"default","ast-global-header-display":"","ast-banner-title-visibility":"","ast-main-header-display":"","ast-hfb-above-header-display":"","ast-hfb-below-header-display":"","ast-hfb-mobile-header-display":"","site-post-title":"","ast-breadcrumbs-content":"","ast-featured-img":"","footer-sml-layout":"","ast-disable-related-posts":"","theme-transparent-header-meta":"","adv-header-id-meta":"","stick-header-meta":"","header-above-stick-meta":"","header-main-stick-meta":"","header-below-stick-meta":"","astra-migrate-meta-layouts":"default","ast-page-background-enabled":"default","ast-page-background-meta":{"desktop":{"background-color":"var(--ast-global-color-4)","background-image":"","background-repeat":"repeat","background-position":"center center","background-size":"auto","background-attachment":"scroll","background-type":"","background-media":"","overlay-type":"","overlay-color":"","overlay-opacity":"","overlay-gradient":""},"tablet":{"background-color":"","background-image":"","background-repeat":"repeat","background-position":"center center","background-size":"auto","background-attachment":"scroll","background-type":"","background-media":"","overlay-type":"","overlay-color":"","overlay-opacity":"","overlay-gradient":""},"mobile":{"background-color":"","background-image":"","background-repeat":"repeat","background-position":"center center","background-size":"auto","background-attachment":"scroll","background-type":"","background-media":"","overlay-type":"","overlay-color":"","overlay-opacity":"","overlay-gradient":""}},"ast-content-background-meta":{"desktop":{"background-color":"var(--ast-global-color-5)","background-image":"","background-repeat":"repeat","background-position":"center center","background-size":"auto","background-attachment":"scroll","background-type":"","background-media":"","overlay-type":"","overlay-color":"","overlay-opacity":"","overlay-gradient":""},"tablet":{"background-color":"var(--ast-global-color-5)","background-image":"","background-repeat":"repeat","background-position":"center center","background-size":"auto","background-attachment":"scroll","background-type":"","background-media":"","overlay-type":"","overlay-color":"","overlay-opacity":"","overlay-gradient":""},"mobile":{"background-color":"var(--ast-global-color-5)","background-image":"","background-repeat":"repeat","background-position":"center center","background-size":"auto","background-attachment":"scroll","background-type":"","background-media":"","overlay-type":"","overlay-color":"","overlay-opacity":"","overlay-gradient":""}},"footnotes":""},"categories":[1],"tags":[],"class_list":["post-251","post","type-post","status-publish","format-standard","has-post-thumbnail","hentry","category-blog"],"yoast_head":"<!-- This site is optimized with the Yoast SEO plugin v27.4 - https:\/\/yoast.com\/product\/yoast-seo-wordpress\/ -->\n<title>LO QUE M\u00c1S DUELE SE QUEDA M\u00c1S TIEMPO - Psicoeducandonos<\/title>\n<meta name=\"description\" content=\"LO QUE M\u00c1S DUELE SE QUEDA M\u00c1S TIEMPO\" \/>\n<meta name=\"robots\" content=\"noindex, follow\" \/>\n<meta property=\"og:locale\" content=\"es_ES\" \/>\n<meta property=\"og:type\" content=\"article\" \/>\n<meta property=\"og:title\" content=\"LO QUE M\u00c1S DUELE SE QUEDA M\u00c1S TIEMPO - Psicoeducandonos\" \/>\n<meta property=\"og:description\" content=\"LO QUE M\u00c1S DUELE SE QUEDA M\u00c1S TIEMPO\" \/>\n<meta property=\"og:url\" content=\"https:\/\/psicoeducandonos.org\/index.php\/2025\/04\/25\/lo-que-mas-duele-se-queda-mas-tiempo\/\" \/>\n<meta property=\"og:site_name\" content=\"Psicoeducandonos\" \/>\n<meta property=\"article:published_time\" content=\"2025-04-25T16:12:47+00:00\" \/>\n<meta property=\"article:modified_time\" content=\"2025-04-25T16:18:45+00:00\" \/>\n<meta property=\"og:image\" content=\"https:\/\/psicoeducandonos.org\/wp-content\/uploads\/2025\/04\/Imagen-de-WhatsApp-2025-04-25-a-las-11.07.21_774b7cf4.jpg\" \/>\n\t<meta property=\"og:image:width\" content=\"660\" \/>\n\t<meta property=\"og:image:height\" content=\"440\" \/>\n\t<meta property=\"og:image:type\" content=\"image\/jpeg\" \/>\n<meta name=\"author\" content=\"Psic\u00f3logo Carlos Fuenmayor\" \/>\n<meta name=\"twitter:card\" content=\"summary_large_image\" \/>\n<meta name=\"twitter:label1\" content=\"Escrito por\" \/>\n\t<meta name=\"twitter:data1\" content=\"Psic\u00f3logo Carlos Fuenmayor\" \/>\n\t<meta name=\"twitter:label2\" content=\"Tiempo de lectura\" \/>\n\t<meta name=\"twitter:data2\" content=\"1 minuto\" \/>\n<script type=\"application\/ld+json\" class=\"yoast-schema-graph\">{\"@context\":\"https:\\\/\\\/schema.org\",\"@graph\":[{\"@type\":\"Article\",\"@id\":\"https:\\\/\\\/psicoeducandonos.org\\\/index.php\\\/2025\\\/04\\\/25\\\/lo-que-mas-duele-se-queda-mas-tiempo\\\/#article\",\"isPartOf\":{\"@id\":\"https:\\\/\\\/psicoeducandonos.org\\\/index.php\\\/2025\\\/04\\\/25\\\/lo-que-mas-duele-se-queda-mas-tiempo\\\/\"},\"author\":{\"name\":\"Psic\u00f3logo Carlos Fuenmayor\",\"@id\":\"https:\\\/\\\/psicoeducandonos.org\\\/#\\\/schema\\\/person\\\/ea84e28d58a68580002ec0e70ba53386\"},\"headline\":\"LO QUE M\u00c1S DUELE SE QUEDA M\u00c1S TIEMPO\",\"datePublished\":\"2025-04-25T16:12:47+00:00\",\"dateModified\":\"2025-04-25T16:18:45+00:00\",\"mainEntityOfPage\":{\"@id\":\"https:\\\/\\\/psicoeducandonos.org\\\/index.php\\\/2025\\\/04\\\/25\\\/lo-que-mas-duele-se-queda-mas-tiempo\\\/\"},\"wordCount\":189,\"commentCount\":0,\"publisher\":{\"@id\":\"https:\\\/\\\/psicoeducandonos.org\\\/#organization\"},\"image\":{\"@id\":\"https:\\\/\\\/psicoeducandonos.org\\\/index.php\\\/2025\\\/04\\\/25\\\/lo-que-mas-duele-se-queda-mas-tiempo\\\/#primaryimage\"},\"thumbnailUrl\":\"https:\\\/\\\/psicoeducandonos.org\\\/wp-content\\\/uploads\\\/2025\\\/04\\\/Imagen-de-WhatsApp-2025-04-25-a-las-11.07.21_774b7cf4.jpg\",\"articleSection\":[\"Blog\"],\"inLanguage\":\"es\",\"potentialAction\":[{\"@type\":\"CommentAction\",\"name\":\"Comment\",\"target\":[\"https:\\\/\\\/psicoeducandonos.org\\\/index.php\\\/2025\\\/04\\\/25\\\/lo-que-mas-duele-se-queda-mas-tiempo\\\/#respond\"]}]},{\"@type\":\"WebPage\",\"@id\":\"https:\\\/\\\/psicoeducandonos.org\\\/index.php\\\/2025\\\/04\\\/25\\\/lo-que-mas-duele-se-queda-mas-tiempo\\\/\",\"url\":\"https:\\\/\\\/psicoeducandonos.org\\\/index.php\\\/2025\\\/04\\\/25\\\/lo-que-mas-duele-se-queda-mas-tiempo\\\/\",\"name\":\"LO QUE M\u00c1S DUELE SE QUEDA M\u00c1S TIEMPO - Psicoeducandonos\",\"isPartOf\":{\"@id\":\"https:\\\/\\\/psicoeducandonos.org\\\/#website\"},\"primaryImageOfPage\":{\"@id\":\"https:\\\/\\\/psicoeducandonos.org\\\/index.php\\\/2025\\\/04\\\/25\\\/lo-que-mas-duele-se-queda-mas-tiempo\\\/#primaryimage\"},\"image\":{\"@id\":\"https:\\\/\\\/psicoeducandonos.org\\\/index.php\\\/2025\\\/04\\\/25\\\/lo-que-mas-duele-se-queda-mas-tiempo\\\/#primaryimage\"},\"thumbnailUrl\":\"https:\\\/\\\/psicoeducandonos.org\\\/wp-content\\\/uploads\\\/2025\\\/04\\\/Imagen-de-WhatsApp-2025-04-25-a-las-11.07.21_774b7cf4.jpg\",\"datePublished\":\"2025-04-25T16:12:47+00:00\",\"dateModified\":\"2025-04-25T16:18:45+00:00\",\"description\":\"LO QUE M\u00c1S DUELE SE QUEDA M\u00c1S TIEMPO\",\"breadcrumb\":{\"@id\":\"https:\\\/\\\/psicoeducandonos.org\\\/index.php\\\/2025\\\/04\\\/25\\\/lo-que-mas-duele-se-queda-mas-tiempo\\\/#breadcrumb\"},\"inLanguage\":\"es\",\"potentialAction\":[{\"@type\":\"ReadAction\",\"target\":[\"https:\\\/\\\/psicoeducandonos.org\\\/index.php\\\/2025\\\/04\\\/25\\\/lo-que-mas-duele-se-queda-mas-tiempo\\\/\"]}]},{\"@type\":\"ImageObject\",\"inLanguage\":\"es\",\"@id\":\"https:\\\/\\\/psicoeducandonos.org\\\/index.php\\\/2025\\\/04\\\/25\\\/lo-que-mas-duele-se-queda-mas-tiempo\\\/#primaryimage\",\"url\":\"https:\\\/\\\/psicoeducandonos.org\\\/wp-content\\\/uploads\\\/2025\\\/04\\\/Imagen-de-WhatsApp-2025-04-25-a-las-11.07.21_774b7cf4.jpg\",\"contentUrl\":\"https:\\\/\\\/psicoeducandonos.org\\\/wp-content\\\/uploads\\\/2025\\\/04\\\/Imagen-de-WhatsApp-2025-04-25-a-las-11.07.21_774b7cf4.jpg\",\"width\":660,\"height\":440,\"caption\":\"LO QUE M\u00c1S DUELE SE QUEDA M\u00c1S TIEMPO\"},{\"@type\":\"BreadcrumbList\",\"@id\":\"https:\\\/\\\/psicoeducandonos.org\\\/index.php\\\/2025\\\/04\\\/25\\\/lo-que-mas-duele-se-queda-mas-tiempo\\\/#breadcrumb\",\"itemListElement\":[{\"@type\":\"ListItem\",\"position\":1,\"name\":\"Inicio\",\"item\":\"https:\\\/\\\/psicoeducandonos.org\\\/\"},{\"@type\":\"ListItem\",\"position\":2,\"name\":\"LO QUE M\u00c1S DUELE SE QUEDA M\u00c1S TIEMPO\"}]},{\"@type\":\"WebSite\",\"@id\":\"https:\\\/\\\/psicoeducandonos.org\\\/#website\",\"url\":\"https:\\\/\\\/psicoeducandonos.org\\\/\",\"name\":\"Psicoeducandonos\",\"description\":\"Psicologia Profesional Online\",\"publisher\":{\"@id\":\"https:\\\/\\\/psicoeducandonos.org\\\/#organization\"},\"potentialAction\":[{\"@type\":\"SearchAction\",\"target\":{\"@type\":\"EntryPoint\",\"urlTemplate\":\"https:\\\/\\\/psicoeducandonos.org\\\/?s={search_term_string}\"},\"query-input\":{\"@type\":\"PropertyValueSpecification\",\"valueRequired\":true,\"valueName\":\"search_term_string\"}}],\"inLanguage\":\"es\"},{\"@type\":\"Organization\",\"@id\":\"https:\\\/\\\/psicoeducandonos.org\\\/#organization\",\"name\":\"Psicoeducandonos\",\"url\":\"https:\\\/\\\/psicoeducandonos.org\\\/\",\"logo\":{\"@type\":\"ImageObject\",\"inLanguage\":\"es\",\"@id\":\"https:\\\/\\\/psicoeducandonos.org\\\/#\\\/schema\\\/logo\\\/image\\\/\",\"url\":\"https:\\\/\\\/psicoeducandonos.org\\\/wp-content\\\/uploads\\\/2024\\\/02\\\/E.png\",\"contentUrl\":\"https:\\\/\\\/psicoeducandonos.org\\\/wp-content\\\/uploads\\\/2024\\\/02\\\/E.png\",\"width\":500,\"height\":500,\"caption\":\"Psicoeducandonos\"},\"image\":{\"@id\":\"https:\\\/\\\/psicoeducandonos.org\\\/#\\\/schema\\\/logo\\\/image\\\/\"}},{\"@type\":\"Person\",\"@id\":\"https:\\\/\\\/psicoeducandonos.org\\\/#\\\/schema\\\/person\\\/ea84e28d58a68580002ec0e70ba53386\",\"name\":\"Psic\u00f3logo Carlos Fuenmayor\",\"image\":{\"@type\":\"ImageObject\",\"inLanguage\":\"es\",\"@id\":\"https:\\\/\\\/secure.gravatar.com\\\/avatar\\\/212607c26f524162e2c46157ec77ec5223aa4e74ae9d51545a0c98d258a9412e?s=96&d=mm&r=g\",\"url\":\"https:\\\/\\\/secure.gravatar.com\\\/avatar\\\/212607c26f524162e2c46157ec77ec5223aa4e74ae9d51545a0c98d258a9412e?s=96&d=mm&r=g\",\"contentUrl\":\"https:\\\/\\\/secure.gravatar.com\\\/avatar\\\/212607c26f524162e2c46157ec77ec5223aa4e74ae9d51545a0c98d258a9412e?s=96&d=mm&r=g\",\"caption\":\"Psic\u00f3logo Carlos Fuenmayor\"},\"sameAs\":[\"http:\\\/\\\/psicoeducandonos.org\"],\"url\":\"https:\\\/\\\/psicoeducandonos.org\\\/index.php\\\/author\\\/psicoeducandonos-org\\\/\"}]}<\/script>\n<!-- \/ Yoast SEO plugin. -->","yoast_head_json":{"title":"LO QUE M\u00c1S DUELE SE QUEDA M\u00c1S TIEMPO - Psicoeducandonos","description":"LO QUE M\u00c1S DUELE SE QUEDA M\u00c1S TIEMPO","robots":{"index":"noindex","follow":"follow"},"og_locale":"es_ES","og_type":"article","og_title":"LO QUE M\u00c1S DUELE SE QUEDA M\u00c1S TIEMPO - Psicoeducandonos","og_description":"LO QUE M\u00c1S DUELE SE QUEDA M\u00c1S TIEMPO","og_url":"https:\/\/psicoeducandonos.org\/index.php\/2025\/04\/25\/lo-que-mas-duele-se-queda-mas-tiempo\/","og_site_name":"Psicoeducandonos","article_published_time":"2025-04-25T16:12:47+00:00","article_modified_time":"2025-04-25T16:18:45+00:00","og_image":[{"width":660,"height":440,"url":"https:\/\/psicoeducandonos.org\/wp-content\/uploads\/2025\/04\/Imagen-de-WhatsApp-2025-04-25-a-las-11.07.21_774b7cf4.jpg","type":"image\/jpeg"}],"author":"Psic\u00f3logo Carlos Fuenmayor","twitter_card":"summary_large_image","twitter_misc":{"Escrito por":"Psic\u00f3logo Carlos Fuenmayor","Tiempo de lectura":"1 minuto"},"schema":{"@context":"https:\/\/schema.org","@graph":[{"@type":"Article","@id":"https:\/\/psicoeducandonos.org\/index.php\/2025\/04\/25\/lo-que-mas-duele-se-queda-mas-tiempo\/#article","isPartOf":{"@id":"https:\/\/psicoeducandonos.org\/index.php\/2025\/04\/25\/lo-que-mas-duele-se-queda-mas-tiempo\/"},"author":{"name":"Psic\u00f3logo Carlos Fuenmayor","@id":"https:\/\/psicoeducandonos.org\/#\/schema\/person\/ea84e28d58a68580002ec0e70ba53386"},"headline":"LO QUE M\u00c1S DUELE SE QUEDA M\u00c1S TIEMPO","datePublished":"2025-04-25T16:12:47+00:00","dateModified":"2025-04-25T16:18:45+00:00","mainEntityOfPage":{"@id":"https:\/\/psicoeducandonos.org\/index.php\/2025\/04\/25\/lo-que-mas-duele-se-queda-mas-tiempo\/"},"wordCount":189,"commentCount":0,"publisher":{"@id":"https:\/\/psicoeducandonos.org\/#organization"},"image":{"@id":"https:\/\/psicoeducandonos.org\/index.php\/2025\/04\/25\/lo-que-mas-duele-se-queda-mas-tiempo\/#primaryimage"},"thumbnailUrl":"https:\/\/psicoeducandonos.org\/wp-content\/uploads\/2025\/04\/Imagen-de-WhatsApp-2025-04-25-a-las-11.07.21_774b7cf4.jpg","articleSection":["Blog"],"inLanguage":"es","potentialAction":[{"@type":"CommentAction","name":"Comment","target":["https:\/\/psicoeducandonos.org\/index.php\/2025\/04\/25\/lo-que-mas-duele-se-queda-mas-tiempo\/#respond"]}]},{"@type":"WebPage","@id":"https:\/\/psicoeducandonos.org\/index.php\/2025\/04\/25\/lo-que-mas-duele-se-queda-mas-tiempo\/","url":"https:\/\/psicoeducandonos.org\/index.php\/2025\/04\/25\/lo-que-mas-duele-se-queda-mas-tiempo\/","name":"LO QUE M\u00c1S DUELE SE QUEDA M\u00c1S TIEMPO - Psicoeducandonos","isPartOf":{"@id":"https:\/\/psicoeducandonos.org\/#website"},"primaryImageOfPage":{"@id":"https:\/\/psicoeducandonos.org\/index.php\/2025\/04\/25\/lo-que-mas-duele-se-queda-mas-tiempo\/#primaryimage"},"image":{"@id":"https:\/\/psicoeducandonos.org\/index.php\/2025\/04\/25\/lo-que-mas-duele-se-queda-mas-tiempo\/#primaryimage"},"thumbnailUrl":"https:\/\/psicoeducandonos.org\/wp-content\/uploads\/2025\/04\/Imagen-de-WhatsApp-2025-04-25-a-las-11.07.21_774b7cf4.jpg","datePublished":"2025-04-25T16:12:47+00:00","dateModified":"2025-04-25T16:18:45+00:00","description":"LO QUE M\u00c1S DUELE SE QUEDA M\u00c1S TIEMPO","breadcrumb":{"@id":"https:\/\/psicoeducandonos.org\/index.php\/2025\/04\/25\/lo-que-mas-duele-se-queda-mas-tiempo\/#breadcrumb"},"inLanguage":"es","potentialAction":[{"@type":"ReadAction","target":["https:\/\/psicoeducandonos.org\/index.php\/2025\/04\/25\/lo-que-mas-duele-se-queda-mas-tiempo\/"]}]},{"@type":"ImageObject","inLanguage":"es","@id":"https:\/\/psicoeducandonos.org\/index.php\/2025\/04\/25\/lo-que-mas-duele-se-queda-mas-tiempo\/#primaryimage","url":"https:\/\/psicoeducandonos.org\/wp-content\/uploads\/2025\/04\/Imagen-de-WhatsApp-2025-04-25-a-las-11.07.21_774b7cf4.jpg","contentUrl":"https:\/\/psicoeducandonos.org\/wp-content\/uploads\/2025\/04\/Imagen-de-WhatsApp-2025-04-25-a-las-11.07.21_774b7cf4.jpg","width":660,"height":440,"caption":"LO QUE M\u00c1S DUELE SE QUEDA M\u00c1S TIEMPO"},{"@type":"BreadcrumbList","@id":"https:\/\/psicoeducandonos.org\/index.php\/2025\/04\/25\/lo-que-mas-duele-se-queda-mas-tiempo\/#breadcrumb","itemListElement":[{"@type":"ListItem","position":1,"name":"Inicio","item":"https:\/\/psicoeducandonos.org\/"},{"@type":"ListItem","position":2,"name":"LO QUE M\u00c1S DUELE SE QUEDA M\u00c1S TIEMPO"}]},{"@type":"WebSite","@id":"https:\/\/psicoeducandonos.org\/#website","url":"https:\/\/psicoeducandonos.org\/","name":"Psicoeducandonos","description":"Psicologia Profesional Online","publisher":{"@id":"https:\/\/psicoeducandonos.org\/#organization"},"potentialAction":[{"@type":"SearchAction","target":{"@type":"EntryPoint","urlTemplate":"https:\/\/psicoeducandonos.org\/?s={search_term_string}"},"query-input":{"@type":"PropertyValueSpecification","valueRequired":true,"valueName":"search_term_string"}}],"inLanguage":"es"},{"@type":"Organization","@id":"https:\/\/psicoeducandonos.org\/#organization","name":"Psicoeducandonos","url":"https:\/\/psicoeducandonos.org\/","logo":{"@type":"ImageObject","inLanguage":"es","@id":"https:\/\/psicoeducandonos.org\/#\/schema\/logo\/image\/","url":"https:\/\/psicoeducandonos.org\/wp-content\/uploads\/2024\/02\/E.png","contentUrl":"https:\/\/psicoeducandonos.org\/wp-content\/uploads\/2024\/02\/E.png","width":500,"height":500,"caption":"Psicoeducandonos"},"image":{"@id":"https:\/\/psicoeducandonos.org\/#\/schema\/logo\/image\/"}},{"@type":"Person","@id":"https:\/\/psicoeducandonos.org\/#\/schema\/person\/ea84e28d58a68580002ec0e70ba53386","name":"Psic\u00f3logo Carlos Fuenmayor","image":{"@type":"ImageObject","inLanguage":"es","@id":"https:\/\/secure.gravatar.com\/avatar\/212607c26f524162e2c46157ec77ec5223aa4e74ae9d51545a0c98d258a9412e?s=96&d=mm&r=g","url":"https:\/\/secure.gravatar.com\/avatar\/212607c26f524162e2c46157ec77ec5223aa4e74ae9d51545a0c98d258a9412e?s=96&d=mm&r=g","contentUrl":"https:\/\/secure.gravatar.com\/avatar\/212607c26f524162e2c46157ec77ec5223aa4e74ae9d51545a0c98d258a9412e?s=96&d=mm&r=g","caption":"Psic\u00f3logo Carlos Fuenmayor"},"sameAs":["http:\/\/psicoeducandonos.org"],"url":"https:\/\/psicoeducandonos.org\/index.php\/author\/psicoeducandonos-org\/"}]}},"_links":{"self":[{"href":"https:\/\/psicoeducandonos.org\/index.php\/wp-json\/wp\/v2\/posts\/251","targetHints":{"allow":["GET"]}}],"collection":[{"href":"https:\/\/psicoeducandonos.org\/index.php\/wp-json\/wp\/v2\/posts"}],"about":[{"href":"https:\/\/psicoeducandonos.org\/index.php\/wp-json\/wp\/v2\/types\/post"}],"author":[{"embeddable":true,"href":"https:\/\/psicoeducandonos.org\/index.php\/wp-json\/wp\/v2\/users\/1"}],"replies":[{"embeddable":true,"href":"https:\/\/psicoeducandonos.org\/index.php\/wp-json\/wp\/v2\/comments?post=251"}],"version-history":[{"count":1,"href":"https:\/\/psicoeducandonos.org\/index.php\/wp-json\/wp\/v2\/posts\/251\/revisions"}],"predecessor-version":[{"id":253,"href":"https:\/\/psicoeducandonos.org\/index.php\/wp-json\/wp\/v2\/posts\/251\/revisions\/253"}],"wp:featuredmedia":[{"embeddable":true,"href":"https:\/\/psicoeducandonos.org\/index.php\/wp-json\/wp\/v2\/media\/252"}],"wp:attachment":[{"href":"https:\/\/psicoeducandonos.org\/index.php\/wp-json\/wp\/v2\/media?parent=251"}],"wp:term":[{"taxonomy":"category","embeddable":true,"href":"https:\/\/psicoeducandonos.org\/index.php\/wp-json\/wp\/v2\/categories?post=251"},{"taxonomy":"post_tag","embeddable":true,"href":"https:\/\/psicoeducandonos.org\/index.php\/wp-json\/wp\/v2\/tags?post=251"}],"curies":[{"name":"wp","href":"https:\/\/api.w.org\/{rel}","templated":true}]}}